{"id":138186,"date":"2022-03-14T19:11:36","date_gmt":"2022-03-14T22:11:36","guid":{"rendered":"https:\/\/sme.goiania.go.gov.br\/conexaoescola\/?post_type=propostas_didaticas&#038;p=138186"},"modified":"2022-03-22T09:12:59","modified_gmt":"2022-03-22T12:12:59","slug":"propostas-didaticas-lingua-portuguesa-2o-ano","status":"publish","type":"propostas_didaticas","link":"https:\/\/sme.goiania.go.gov.br\/conexaoescola\/propostas_didaticas\/propostas-didaticas-lingua-portuguesa-2o-ano\/","title":{"rendered":"Propostas did\u00e1ticas &#8211; L\u00edngua Portuguesa &#8211; 2\u00ba ano"},"content":{"rendered":"\n<p class=\"has-text-align-center has-black-color has-text-color has-background has-medium-font-size\" style=\"background-color:#ffedba\">Propostas did\u00e1ticas elaboradas pelos professores da Rede Municipal de Educa\u00e7\u00e3o de Goi\u00e2nia, seguindo o DCGO &#8211; Ampliado. <br>Material de suporte (slides e atividades em formato edit\u00e1vel) destinado aos professores regentes das Unidades Educacionais da Secretaria Municipal de Goi\u00e2nia. <\/p>\n\n\n\n<hr class=\"wp-block-separator is-style-wide\"\/>\n\n\n\n<p class=\"has-background has-medium-font-size\" style=\"background-color:#ffecb7\">Clique na imagem e acesse o material dispon\u00edvel no DRIVE do Conex\u00e3o Escola:<\/p>\n\n\n\n<div class=\"wp-block-image is-style-default\"><figure class=\"aligncenter size-large is-resized\"><a href=\"https:\/\/drive.google.com\/drive\/folders\/1Gj8Xaq4DWW0lUsY8RPwgRRxGLEd4-Mfo\" target=\"_blank\" rel=\"noopener\"><img fetchpriority=\"high\" decoding=\"async\" src=\"https:\/\/sme.goiania.go.gov.br\/conexaoescola\/wp-content\/uploads\/2022\/03\/553A0A7B-8ACC-48DE-9228-DF8AF9377FCB-e1647949636783-1024x1024.png\" alt=\"\" class=\"wp-image-138867\" width=\"588\" height=\"588\" srcset=\"https:\/\/sme.goiania.go.gov.br\/conexaoescola\/wp-content\/uploads\/2022\/03\/553A0A7B-8ACC-48DE-9228-DF8AF9377FCB-e1647949636783-1024x1024.png 1024w, https:\/\/sme.goiania.go.gov.br\/conexaoescola\/wp-content\/uploads\/2022\/03\/553A0A7B-8ACC-48DE-9228-DF8AF9377FCB-e1647949636783-300x300.png 300w, https:\/\/sme.goiania.go.gov.br\/conexaoescola\/wp-content\/uploads\/2022\/03\/553A0A7B-8ACC-48DE-9228-DF8AF9377FCB-e1647949636783-150x150.png 150w, https:\/\/sme.goiania.go.gov.br\/conexaoescola\/wp-content\/uploads\/2022\/03\/553A0A7B-8ACC-48DE-9228-DF8AF9377FCB-e1647949636783-768x768.png 768w, https:\/\/sme.goiania.go.gov.br\/conexaoescola\/wp-content\/uploads\/2022\/03\/553A0A7B-8ACC-48DE-9228-DF8AF9377FCB-e1647949636783-1536x1536.png 1536w, https:\/\/sme.goiania.go.gov.br\/conexaoescola\/wp-content\/uploads\/2022\/03\/553A0A7B-8ACC-48DE-9228-DF8AF9377FCB-e1647949636783.png 1656w\" sizes=\"(max-width: 588px) 100vw, 588px\" \/><\/a><figcaption>Clique na imagem para acessar o link: https:\/\/drive.google.com\/drive\/folders\/1Gj8Xaq4DWW0lUsY8RPwgRRxGLEd4-Mfo<\/figcaption><\/figure><\/div>\n","protected":false},"featured_media":138867,"template":"","cat_praticas_em_rede":[127],"anos_praticas_em_rede":[111],"class_list":["post-138186","propostas_didaticas","type-propostas_didaticas","status-publish","has-post-thumbnail","hentry","cat_praticas_em_rede-lingua-portuguesa","anos_praticas_em_rede-2o-ano","entry","has-media"],"acf":[],"_links":{"self":[{"href":"https:\/\/sme.goiania.go.gov.br\/conexaoescola\/wp-json\/wp\/v2\/propostas_didaticas\/138186","targetHints":{"allow":["GET"]}}],"collection":[{"href":"https:\/\/sme.goiania.go.gov.br\/conexaoescola\/wp-json\/wp\/v2\/propostas_didaticas"}],"about":[{"href":"https:\/\/sme.goiania.go.gov.br\/conexaoescola\/wp-json\/wp\/v2\/types\/propostas_didaticas"}],"wp:featuredmedia":[{"embeddable":true,"href":"https:\/\/sme.goiania.go.gov.br\/conexaoescola\/wp-json\/wp\/v2\/media\/138867"}],"wp:attachment":[{"href":"https:\/\/sme.goiania.go.gov.br\/conexaoescola\/wp-json\/wp\/v2\/media?parent=138186"}],"wp:term":[{"taxonomy":"cat_praticas_em_rede","embeddable":true,"href":"https:\/\/sme.goiania.go.gov.br\/conexaoescola\/wp-json\/wp\/v2\/cat_praticas_em_rede?post=138186"},{"taxonomy":"anos_praticas_em_rede","embeddable":true,"href":"https:\/\/sme.goiania.go.gov.br\/conexaoescola\/wp-json\/wp\/v2\/anos_praticas_em_rede?post=138186"}],"curies":[{"name":"wp","href":"https:\/\/api.w.org\/{rel}","templated":true}]}}